{"id":1550,"date":"2023-08-29T17:59:01","date_gmt":"2023-08-29T15:59:01","guid":{"rendered":"https:\/\/consiliulelevilor.ro\/?p=1550"},"modified":"2023-08-29T17:59:01","modified_gmt":"2023-08-29T15:59:01","slug":"transportul-gratuit-al-elevilor-devenit-realitate","status":"publish","type":"post","link":"https:\/\/consiliulelevilor.ro\/hu\/2023\/08\/29\/transportul-gratuit-al-elevilor-devenit-realitate\/","title":{"rendered":"Transportul gratuit al elevilor \u2014 devenit realitate?"},"content":{"rendered":"<p style=\"text-align: left;\">\u00cen cursul acestei s\u0103pt\u0103m\u00e2ni, a fost publicat de c\u0103tre Guvernul Rom\u00e2niei proiectul de Hot\u0103r\u00e2re de Guvern pentru aprobarea normelor metodologice privind acordarea facilit\u0103\u021bilor de transport pentru elevi. \u00cen acest context, Consiliul Na\u021bional al Elevilor constat\u0103 cu entuziasm faptul c\u0103 propunerile noastre din ultimii ani au fost \u00een sf\u00e2r\u0219it luate \u00een calcul, fiind concretizat un act normativ \u00een interesul elevilor.<\/p>\n<p style=\"text-align: left;\">Cu toate acestea, noua procedur\u0103 necesit\u0103 o implementare adecvat\u0103 \u00een teritoriu, cu implicarea direct\u0103 a autorit\u0103\u021bilor publice relevante, astfel \u00eenc\u00e2t toate demersurile prezentate \u00een proiect s\u0103 fie demarate \u00eenc\u0103 de la \u00eenceputul anului \u0219colar. \u00cen acest sens, atragem aten\u021bia asupra cazurilor \u00een care elevii au nevoie s\u0103 utilizeze rutele mai multor operatori de transport pentru a putea ajunge de la domiciliu la unitatea de \u00eenv\u0103\u021b\u0103m\u00e2nt \u00een care studiaz\u0103 \u0219i invers.<\/p>\n<p style=\"text-align: left;\">\u00cen acest moment, proiectul de metodologie nu ofer\u0103 niciun fel de clarific\u0103ri \u00een leg\u0103tur\u0103 cu situa\u021biile men\u021bionate mai sus. Consider\u0103m c\u0103 este important ca elevii s\u0103 beneficieze \u00eentru totul de gratuitate la transportul rutier, indiferent de graficele de circula\u021bie. Cele mai frecvent \u00eent\u00e2lnite impedimente, conform semnalelor primite din partea elevilor din teritoriu, ar putea fi: necesitatea de a utiliza serviciile mai multor operatori, \u00een cazul unor rute compuse, precum \u0219i elevii care apeleaz\u0103, pentru retur, la serviciile altui operator fa\u021b\u0103 de cel folosit la dus. Astfel, pentru a evita eventualele probleme care pot ap\u0103rea at\u00e2t la nivelul unit\u0103\u021bilor de \u00eenv\u0103\u021b\u0103m\u00e2nt, c\u00e2t \u0219i la nivelul inspectoratelor \u0219colare jude\u021bene\/ISMB, Consiliul Na\u021bional al Elevilor solicit\u0103 o reglementare c\u00e2t mai explicit\u0103 a acestor aspecte.<\/p>\n<p style=\"text-align: left;\">\u00cen plus, prevederile actuale privind problematica transportului elevilor au nevoie de o atent\u0103 monitorizare, mai ales la debutul anului \u0219colar, \u00een timpul procesului de colectare a datelor din partea elevilor din teritoriu. Aceast\u0103 schimbare mult a\u0219teptat\u0103 nu trebuie s\u0103 se opreasc\u0103 la nivelul actelor normative, ci trebuie resim\u021bit\u0103 la firul ierbii, de c\u0103tre to\u021bi elevii naveti\u0219ti. Av\u00e2nd \u00een vedere toate reglement\u0103rile \u00eencercate de-a lungul timpului, precum acordarea de sume forfetare, decont \u00een avans, privim cu optimism faptul c\u0103 gratuitatea ar putea deveni, \u00een final, o realitate.<\/p>\n<p style=\"text-align: left;\"><em>\u201ePrivim cu optimism pa\u0219ii f\u0103cu\u021bi pentru a asigura, \u00eentr-un final, gratuitatea \u00een serviciile de transport pentru elevii din Rom\u00e2nia. Toate eforturile aduse de-a lungul timpului de c\u0103tre elevii reprezentan\u021bi \u00een aceast\u0103 direc\u021bie pot deveni realitate prin simpla respectare a prevederilor din metodologie \u0219i prin implicarea activ\u0103 a autorit\u0103\u021bilor relevante. Ne vom asigura de o str\u00e2ns\u0103 colaborare pe acest subiect \u00eentre elevii reprezentan\u021bi de la nivel \u0219colar \u0219i jude\u021bean \u0219i autorit\u0103\u021bi, pentru a monitoriza eficient implementarea noilor prevederi \u00een comunitatea \u0219colar\u0103.\u201d<\/em> <strong><em>a declarat Miruna Croitoru, pre\u0219edintele Consiliului Na\u021bional al Elevilor.<\/em><\/strong><\/p>","protected":false},"excerpt":{"rendered":"<p>\u00cen cursul acestei s\u0103pt\u0103m\u00e2ni, a fost publicat de c\u0103tre Guvernul Rom\u00e2niei proiectul de Hot\u0103r\u00e2re de Guvern pentru aprobarea normelor metodologice privind acordarea facilit\u0103\u021bilor de transport pentru<span class=\"excerpt-hellip\"> [\u2026]<\/span><\/p>","protected":false},"author":4,"featured_media":1551,"comment_status":"open","ping_status":"open","sticky":false,"template":"","format":"standard","meta":{"_acf_changed":false,"footnotes":""},"categories":[1],"tags":[],"class_list":["post-1550","post","type-post","status-publish","format-standard","has-post-thumbnail","hentry","category-uncategorized"],"acf":[],"_links":{"self":[{"href":"https:\/\/consiliulelevilor.ro\/hu\/wp-json\/wp\/v2\/posts\/1550","targetHints":{"allow":["GET"]}}],"collection":[{"href":"https:\/\/consiliulelevilor.ro\/hu\/wp-json\/wp\/v2\/posts"}],"about":[{"href":"https:\/\/consiliulelevilor.ro\/hu\/wp-json\/wp\/v2\/types\/post"}],"author":[{"embeddable":true,"href":"https:\/\/consiliulelevilor.ro\/hu\/wp-json\/wp\/v2\/users\/4"}],"replies":[{"embeddable":true,"href":"https:\/\/consiliulelevilor.ro\/hu\/wp-json\/wp\/v2\/comments?post=1550"}],"version-history":[{"count":1,"href":"https:\/\/consiliulelevilor.ro\/hu\/wp-json\/wp\/v2\/posts\/1550\/revisions"}],"predecessor-version":[{"id":1555,"href":"https:\/\/consiliulelevilor.ro\/hu\/wp-json\/wp\/v2\/posts\/1550\/revisions\/1555"}],"wp:featuredmedia":[{"embeddable":true,"href":"https:\/\/consiliulelevilor.ro\/hu\/wp-json\/wp\/v2\/media\/1551"}],"wp:attachment":[{"href":"https:\/\/consiliulelevilor.ro\/hu\/wp-json\/wp\/v2\/media?parent=1550"}],"wp:term":[{"taxonomy":"category","embeddable":true,"href":"https:\/\/consiliulelevilor.ro\/hu\/wp-json\/wp\/v2\/categories?post=1550"},{"taxonomy":"post_tag","embeddable":true,"href":"https:\/\/consiliulelevilor.ro\/hu\/wp-json\/wp\/v2\/tags?post=1550"}],"curies":[{"name":"wp","href":"https:\/\/api.w.org\/{rel}","templated":true}]}}