{"id":713,"date":"2022-02-08T00:18:28","date_gmt":"2022-02-07T22:18:28","guid":{"rendered":"https:\/\/dev.consiliulelevilor.ro\/?p=713"},"modified":"2022-02-08T00:18:30","modified_gmt":"2022-02-07T22:18:30","slug":"lasam-scolile-deschise-cu-masurile-promise","status":"publish","type":"post","link":"https:\/\/consiliulelevilor.ro\/hu\/2022\/02\/08\/lasam-scolile-deschise-cu-masurile-promise\/","title":{"rendered":"L\u0103s\u0103m \u0219colile deschise cu m\u0103surile promise!"},"content":{"rendered":"<p>\u00cen cursul zilei de miercuri, au ap\u0103rut \u00een spa\u021biul public mai multe posibile scenarii referitoare la modific\u0103rile care vor fi aduse prevederilor legislative \u00een vigoare, care reglementeaz\u0103 func\u021bionarea sistemului de \u00eenv\u0103\u021b\u0103m\u00e2nt din Rom\u00e2nia \u00een contextul pandemiei de COVID-19. Printre schimb\u0103rile care au fost deja anun\u021bate de Grupul de suport tehnico-\u0219tiin\u021bific privind gestionarea bolilor \u00eenalt contagioase pe teritoriul Rom\u00e2niei, se num\u0103r\u0103 \u0219i eliminarea prevederii prin care cursurile \u00een format fizic erau suspendate odat\u0103 ce o localitate atingea pragul de 6 infect\u0103ri de COVID-19 la mia de locuitori.&nbsp;<\/p>\n\n\n\n<p>Reprezentan\u021bii elevilor sus\u021bin men\u021binerea \u0219colilor deschise pentru c\u00e2t mai mult\u0103 vreme,&nbsp;<strong>\u00een condi\u021bii de siguran\u021b\u0103 \u0219i protec\u021bie sanitar\u0103<\/strong>. De aceea, este absolut necesar ca, \u00een cazul \u00een care ordinul comun al Ministerului Educa\u021biei \u0219i al Ministerului S\u0103n\u0103t\u0103\u021bii va fi modificat \u00een sensul elimin\u0103rii pragului de 6 infect\u0103ri la mia de locuitori, autorit\u0103\u021bile centrale \u0219i locale s\u0103 asigure&nbsp;<strong>un set de m\u0103suri de protec\u021bie pentru elevi \u0219i profesori<\/strong>. Totodat\u0103, este necesar ca legisla\u021bia s\u0103 prevad\u0103 faptul c\u0103 \u0219colile r\u0103m\u00e2n deschise \u00een format fizic p\u00e2n\u0103 la carantinarea localit\u0103\u021bii, av\u00e2nd \u00een vedere c\u0103, \u00een aceste situa\u021bii, riscul de r\u0103sp\u00e2ndire comunitar\u0103 a virusului este considerabil mai mare.<\/p>\n\n\n\n<p>\u00cen acest sens, Consiliul Na\u021bional al Elevilor solicit\u0103 urm\u0103toarele m\u0103suri:<\/p>\n\n\n\n<ul class=\"wp-block-list\"><li>stabilirea&nbsp;<strong>unui nou prag<\/strong>&nbsp;la care prezen\u021ba fizic\u0103 \u00een \u0219colilor se suspend\u0103 \u0219i indicarea unui num\u0103r maxim de infect\u0103ri la nivel de \u0219coal\u0103 la a c\u0103rei atingere unit\u0103\u021bile de \u00eenv\u0103\u021b\u0103m\u00e2nt se \u00eenchid;<\/li><li>dup\u0103 dep\u0103\u0219irea ratei de 6 infect\u0103ri la mia de locuitori, s\u0103 se asigure&nbsp;<strong>testarea gratuit\u0103, s\u0103pt\u0103m\u00e2nal\u0103<\/strong>, \u00een unit\u0103\u021bile de \u00eenv\u0103\u021b\u0103m\u00e2nt, a tuturor elevilor \u0219i cadrelor didactice neimunizate \u00eempotriva COVID-19, dar \u0219i s\u0103 se asigure posibilitatea ca elevii \u0219i profesorii vaccina\u021bi s\u0103 se testeze, \u00een orice moment, la cerere;<\/li><li>clarificarea, din partea Ministerului S\u0103n\u0103t\u0103\u021bii, a&nbsp;<strong>situa\u021biei testelor non-invazive<\/strong>&nbsp;\u0219i dac\u0103 acestea vor putea fi utilizate \u00een unit\u0103\u021bile de \u00eenv\u0103\u021b\u0103m\u00e2nt, av\u00e2nd \u00een vedere c\u0103, \u00een urm\u0103 cu un an, exper\u021bii \u00een epidemiologie declarau c\u0103 acestea nu sunt teste omologate, ci trebuie dublate de teste antigen sau RT-PCR.&nbsp;<\/li><li>asigur\u0103rii&nbsp;<strong>tuturor materialelor sanitare<\/strong>&nbsp;\u00een \u0219coli, \u00eensemn\u00e2nd m\u0103\u0219ti conforme, solu\u021bii dezinfectante, s\u0103pun \u0219i ap\u0103 curent\u0103 etc.;<\/li><li>implementarea unor&nbsp;<strong>controale periodice<\/strong>&nbsp;ale direc\u021biilor de s\u0103n\u0103tate public\u0103 \u0219i ale corpurilor de control ale institu\u021biilor prefectului, care s\u0103 evalueze respectarea tuturor m\u0103surilor de prevenire a COVID-19, dar \u0219i s\u0103 aplice sanc\u021biuni, dup\u0103 caz;<\/li><li><strong>\u00eenfiin\u021barea centrelor mobile de vaccinare<\/strong>, cu resurs\u0103 uman\u0103 deta\u0219at\u0103 din partea direc\u021biilor de s\u0103n\u0103tate public\u0103, \u00een paralel cu demararea unor campanii coerente de informare a elevilor, p\u0103rin\u021bilor \u0219i profesorilor cu privire la beneficiile vaccinului \u00eempotriva COVID-19.<\/li><\/ul>\n\n\n\n<p><em>\u201eAuzim tot mai des c\u0103 \u0219coala trebuie s\u0103 se deschid\u0103 prima \u0219i s\u0103 se \u00eenchid\u0103 ultima. Cu siguran\u021b\u0103 c\u0103 to\u021bi ne dorim s\u0103 ne \u00eentoarcem la normalitatea de acum doi ani, \u00eens\u0103 autorit\u0103\u021bile au datoria de a crea un spa\u021biu propice desf\u0103\u0219ur\u0103rii cursurilor, un spa\u021biu \u00een care s\u0103n\u0103tatea elevilor \u0219i a cadrelor didactice s\u0103 nu fie puse \u00een pericol. Avem nevoie de predictibilitate \u0219i m\u0103suri concrete pentru o educa\u021bie de calitate \u00een vreme de pandemie.\u201d<\/em>,&nbsp;<strong><em>a declarat Silviu Morcan, pre\u0219edintele Consiliului Na\u021bional al Elevilor.<\/em><\/strong><\/p>","protected":false},"excerpt":{"rendered":"<p>\u00cen cursul zilei de miercuri, au ap\u0103rut \u00een spa\u021biul public mai multe posibile scenarii referitoare la modific\u0103rile care vor fi aduse prevederilor legislative \u00een vigoare, care<span class=\"excerpt-hellip\"> [\u2026]<\/span><\/p>","protected":false},"author":2,"featured_media":714,"comment_status":"open","ping_status":"open","sticky":false,"template":"","format":"standard","meta":{"_acf_changed":false,"footnotes":""},"categories":[1],"tags":[],"class_list":["post-713","post","type-post","status-publish","format-standard","has-post-thumbnail","hentry","category-uncategorized"],"acf":[],"_links":{"self":[{"href":"https:\/\/consiliulelevilor.ro\/hu\/wp-json\/wp\/v2\/posts\/713","targetHints":{"allow":["GET"]}}],"collection":[{"href":"https:\/\/consiliulelevilor.ro\/hu\/wp-json\/wp\/v2\/posts"}],"about":[{"href":"https:\/\/consiliulelevilor.ro\/hu\/wp-json\/wp\/v2\/types\/post"}],"author":[{"embeddable":true,"href":"https:\/\/consiliulelevilor.ro\/hu\/wp-json\/wp\/v2\/users\/2"}],"replies":[{"embeddable":true,"href":"https:\/\/consiliulelevilor.ro\/hu\/wp-json\/wp\/v2\/comments?post=713"}],"version-history":[{"count":1,"href":"https:\/\/consiliulelevilor.ro\/hu\/wp-json\/wp\/v2\/posts\/713\/revisions"}],"predecessor-version":[{"id":715,"href":"https:\/\/consiliulelevilor.ro\/hu\/wp-json\/wp\/v2\/posts\/713\/revisions\/715"}],"wp:featuredmedia":[{"embeddable":true,"href":"https:\/\/consiliulelevilor.ro\/hu\/wp-json\/wp\/v2\/media\/714"}],"wp:attachment":[{"href":"https:\/\/consiliulelevilor.ro\/hu\/wp-json\/wp\/v2\/media?parent=713"}],"wp:term":[{"taxonomy":"category","embeddable":true,"href":"https:\/\/consiliulelevilor.ro\/hu\/wp-json\/wp\/v2\/categories?post=713"},{"taxonomy":"post_tag","embeddable":true,"href":"https:\/\/consiliulelevilor.ro\/hu\/wp-json\/wp\/v2\/tags?post=713"}],"curies":[{"name":"wp","href":"https:\/\/api.w.org\/{rel}","templated":true}]}}