{"id":719,"date":"2022-02-08T00:23:19","date_gmt":"2022-02-07T22:23:19","guid":{"rendered":"https:\/\/dev.consiliulelevilor.ro\/?p=719"},"modified":"2022-02-08T00:23:21","modified_gmt":"2022-02-07T22:23:21","slug":"elevii-au-obtinut-burse-marite-in-toata-romania","status":"publish","type":"post","link":"https:\/\/consiliulelevilor.ro\/hu\/2022\/02\/08\/elevii-au-obtinut-burse-marite-in-toata-romania\/","title":{"rendered":"Elevii au ob\u021binut burse m\u0103rite \u00een toat\u0103 Rom\u00e2nia!"},"content":{"rendered":"<p><em>\u00cen cursul zilei de miercuri, Guvernul Rom\u00e2niei a adoptat o hot\u0103r\u00e2re pentru stabilirea cuantumului minim al burselor pentru anul \u0219colar 2021-2022. \u00cen cuprinsul acesteia, au fost reglementate sume majorate \u0219i diferen\u021biate \u00een func\u021bie de tipul de burs\u0103, care vor avea aplicabilitate \u00eencep\u00e2nd cu semestrul al II-lea al acestui an \u0219colar.<\/em><\/p>\n\n\n\n<p>\u00cen ultimele luni, Consiliul Na\u021bional al Elevilor a transmis c\u0103tre Ministerul Educa\u021biei o serie de propuneri \u0219i solicit\u0103ri pentru modificarea cuantumului minim al burselor, stabilit ini\u021bial la 100 de lei, astfel \u00eenc\u00e2t acesta s\u0103 r\u0103spund\u0103 \u00een mod real nevoilor elevilor \u0219i s\u0103 \u00ee\u0219i \u00eendeplineasc\u0103 misiunea principal\u0103 \u2013 aceea de a stimula performan\u021bele academice, dar \u0219i de a sus\u021bine elevii afla\u021bi \u00een risc socio-educa\u021bional. Astfel, Consiliul Na\u021bional al Elevilor salut\u0103 hot\u0103r\u00e2rea adoptat\u0103 \u0219i, \u00een continuare, consider\u0103 elementar dialogul permanent dintre societatea civil\u0103 \u0219i autorit\u0103\u021bile publice.<\/p>\n\n\n\n<p>A\u0219adar, \u00eencep\u00e2nd cu semestrul al II-lea al acestui an \u0219colar, cuantumurile minime ale burselor vor fi:<\/p>\n\n\n\n<p>bursa de performan\u021b\u0103 \u2013 500 de lei;<br>bursa de merit \u2013 200 de lei;<br>bursa de studiu \u2013 150 de lei;<br>bursa de ajutor social \u2013 200 de lei.<\/p>\n\n\n\n<p>Cu toate acestea, ne opunem cre\u0219terii pragului de medie pentru bursa merit f\u0103r\u0103 o analiz\u0103 real\u0103 a situa\u021biei \u0219colare din semestrul I al acestui an \u0219i, pe aceast\u0103 cale, solicit\u0103m Ministerului Educa\u021biei s\u0103 trateze situa\u021bia cu responsabilitate, pentru a nu crea inechit\u0103\u021bi \u00een sistem. \u00cen acest sens, ne manifest\u0103m deschiderea pentru a negocia eventuale modific\u0103ri ale criteriilor de acordare a burselor, \u00een a\u0219a fel \u00eenc\u00e2t s\u0103 se poat\u0103 contura o imagine clar\u0103 \u0219i veridic\u0103 asupra impactului bugetar final.<\/p>\n\n\n\n<p><em>\u201eDup\u0103 ani de lupt\u0103, elevii au ob\u021binut burse \u00een cuantumuri minime diferen\u021biate \u00een func\u021bie de tipul de burs\u0103! Este o victorie a Consiliului Na\u021bional al Elevilor, care \u00ee\u0219i manifest\u0103 \u00een continuare deschiderea la dialog, pentru ca reglement\u0103rile referitoare la bursele \u0219colare s\u0103 fie cu adev\u0103rat echitabile pentru elevi. Totu\u0219i, dezaprob\u0103m cre\u0219terea pragului bursei de merit la media 9,50 f\u0103r\u0103 o analiz\u0103 de impact bugetar corelat\u0103 cu num\u0103rul elevilor eligibili \u00een acest semestru\u201d,<\/em>&nbsp;<strong><em>a declarat Silviu Morcan, pre\u0219edintele Consiliului Na\u021bional al Elevilor.<\/em><\/strong><\/p>","protected":false},"excerpt":{"rendered":"<p>\u00cen cursul zilei de miercuri, Guvernul Rom\u00e2niei a adoptat o hot\u0103r\u00e2re pentru stabilirea cuantumului minim al burselor pentru anul \u0219colar 2021-2022. \u00cen cuprinsul acesteia, au fost<span class=\"excerpt-hellip\"> [\u2026]<\/span><\/p>","protected":false},"author":2,"featured_media":720,"comment_status":"open","ping_status":"open","sticky":false,"template":"","format":"standard","meta":{"_acf_changed":false,"footnotes":""},"categories":[1],"tags":[],"class_list":["post-719","post","type-post","status-publish","format-standard","has-post-thumbnail","hentry","category-uncategorized"],"acf":[],"_links":{"self":[{"href":"https:\/\/consiliulelevilor.ro\/hu\/wp-json\/wp\/v2\/posts\/719","targetHints":{"allow":["GET"]}}],"collection":[{"href":"https:\/\/consiliulelevilor.ro\/hu\/wp-json\/wp\/v2\/posts"}],"about":[{"href":"https:\/\/consiliulelevilor.ro\/hu\/wp-json\/wp\/v2\/types\/post"}],"author":[{"embeddable":true,"href":"https:\/\/consiliulelevilor.ro\/hu\/wp-json\/wp\/v2\/users\/2"}],"replies":[{"embeddable":true,"href":"https:\/\/consiliulelevilor.ro\/hu\/wp-json\/wp\/v2\/comments?post=719"}],"version-history":[{"count":1,"href":"https:\/\/consiliulelevilor.ro\/hu\/wp-json\/wp\/v2\/posts\/719\/revisions"}],"predecessor-version":[{"id":721,"href":"https:\/\/consiliulelevilor.ro\/hu\/wp-json\/wp\/v2\/posts\/719\/revisions\/721"}],"wp:featuredmedia":[{"embeddable":true,"href":"https:\/\/consiliulelevilor.ro\/hu\/wp-json\/wp\/v2\/media\/720"}],"wp:attachment":[{"href":"https:\/\/consiliulelevilor.ro\/hu\/wp-json\/wp\/v2\/media?parent=719"}],"wp:term":[{"taxonomy":"category","embeddable":true,"href":"https:\/\/consiliulelevilor.ro\/hu\/wp-json\/wp\/v2\/categories?post=719"},{"taxonomy":"post_tag","embeddable":true,"href":"https:\/\/consiliulelevilor.ro\/hu\/wp-json\/wp\/v2\/tags?post=719"}],"curies":[{"name":"wp","href":"https:\/\/api.w.org\/{rel}","templated":true}]}}