{"id":728,"date":"2022-02-08T00:27:44","date_gmt":"2022-02-07T22:27:44","guid":{"rendered":"https:\/\/dev.consiliulelevilor.ro\/?p=728"},"modified":"2022-02-08T00:27:46","modified_gmt":"2022-02-07T22:27:46","slug":"scoala-este-o-activitate-esentiala","status":"publish","type":"post","link":"https:\/\/consiliulelevilor.ro\/hu\/2022\/02\/08\/scoala-este-o-activitate-esentiala\/","title":{"rendered":"\u0218coala este o activitate esen\u021bial\u0103!"},"content":{"rendered":"<p>Vremurile se schimb\u0103, pandemia evolueaz\u0103 pe zi ce trece \u0219i, din p\u0103cate, autorit\u0103\u021bile din Rom\u00e2nia tot nepreg\u0103tite au r\u0103mas.&nbsp;<\/p>\n\n\n\n<p>\u00cen doi ani \u00een care statul s-a jucat de-a&nbsp;<em>\u201e\u00eenchide \u2013 deschide \u0219coala\u201d<\/em>, nimeni nu a f\u0103cut nimic pentru ca \u00eenv\u0103\u021b\u0103m\u00e2ntul online s\u0103 fie o alternativ\u0103 cu adev\u0103rat viabil\u0103 pentru \u0219coala \u00een format fizic. La acest moment, din cauza lipsei infrastructurii sanitare (cum ar fi teste non-invazive din saliv\u0103 cu care guvernan\u021bii s-au l\u0103udat s\u0103pt\u0103m\u00e2ni \u00een \u0219ir), autorit\u0103\u021bile au decis s\u0103 \u00eenchid\u0103 \u0219colile pentru o perioad\u0103 de dou\u0103 s\u0103pt\u0103m\u00e2ni, urm\u00e2nd ca materia s\u0103 fie recuperat\u0103 \u00een format fizic, prin modificarea structurii anului \u0219colar.<\/p>\n\n\n\n<p>Totu\u0219i, \u0219eful Departamentului pentru Situa\u021bii de Urgen\u021b\u0103, Raed Arafat, \u0219i ministrul educa\u021biei, Sorin C\u00eempeanu, au declarat \u00een repetate r\u00e2nduri c\u0103 este posibil ca elevii s\u0103 nu se poat\u0103 \u00eentoarce fizic la \u0219coal\u0103 nici dup\u0103 vacan\u021ba impus\u0103 p\u00e2n\u0103 pe 5 noiembrie. Astfel, se ia considerare fie prelungirea acestei vacan\u021be, fie trecerea \u00een scenariul online a tuturor \u0219colilor din Rom\u00e2nia, indiferent de rata de inciden\u021b\u0103 \u0219i de situa\u021bia epidemiologic\u0103 de la nivel local.&nbsp;<\/p>\n\n\n\n<p>Vacan\u021ba for\u021bat\u0103 este o m\u0103sur\u0103 de compromis pe care Consiliul Na\u021bional al Elevilor a agreat-o strict din perspectiva recuper\u0103rii cursurilor \u00een format fizic, cunosc\u00e2nd limitele \u0219colii online \u0219i dorindu-ne ca elevii s\u0103 nu mai resimt\u0103 lipsurile educa\u021bionale generate de \u00eenchiderea \u0219colilor. \u00cen acest sens, condamn\u0103m ferm o prelungire st\u0103rii de laten\u021b\u0103 \u00een care ne afl\u0103m \u0219i consider\u0103m total inoportun\u0103 suspendarea unitar\u0103 a cursurilor \u00een format fizic \u00een toat\u0103 \u021bara dup\u0103 cele dou\u0103 s\u0103pt\u0103m\u00e2ni de vacan\u021b\u0103, av\u00e2nd \u00een vedere c\u0103, p\u00e2n\u0103 la acest moment, deciden\u021bii au spus \u00een repetate r\u00e2nduri c\u0103&nbsp;<strong>\u201e<\/strong><strong><em>\u0219colile trebuie deschise primele \u0219i \u00eenchise ultimele\u201d<\/em><\/strong>.&nbsp;<\/p>\n\n\n\n<p>\u00cen contextul \u00een care nu au fost adoptate m\u0103suri restrictive ferme pentru prevenirea r\u0103sp\u00e2ndirii COVID-19 la nivel societal, trecerea \u00een online a tuturor unit\u0103\u021bilor de \u00eenv\u0103\u021b\u0103m\u00e2nt dup\u0103 dou\u0103 s\u0103pt\u0103m\u00e2ni de vacan\u021b\u0103 este doar&nbsp;<strong>o recunoa\u0219tere a incapabilit\u0103\u021bii statului<\/strong>&nbsp;de a men\u021bine \u0219colile deschise \u00een siguran\u021b\u0103.&nbsp;<\/p>\n\n\n\n<p>De aceea, solicit\u0103m ferm Ministerului Educa\u021biei s\u0103 ia toate m\u0103surile care se impun pentru&nbsp;<strong>redeschiderea \u0219colilor \u00een format fizic&nbsp;<\/strong>\u0219i s\u0103 nu se complac\u0103 \u00een ideea \u0219colii online, care a fost recunoscut\u0103 \u00een repetate r\u00e2nduri de oficialii guvernamentali ca fiind o catastrof\u0103. \u0218coala trebuie s\u0103 r\u0103m\u00e2n\u0103 o activitate esen\u021bial\u0103, la fel cum sunt \u0219i sistemul sanitar \u0219i activitatea economic\u0103, iar m\u0103surile de compromis de acest fel nu reprezint\u0103 o variant\u0103 sustenabil\u0103 pentru educa\u021bia din Rom\u00e2nia. Astfel, este imperios ca \u0219colile s\u0103 func\u021bioneze \u00een continuare dup\u0103&nbsp;<strong>principiul descentraliz\u0103rii<\/strong>, astfel \u00eenc\u00e2t s\u0103 poat\u0103 suspenda cursurile \u00een format fizic doar \u00een urma unei analize serioase a infrastructurii \u0219i a capacit\u0103\u021bii pe care o au la nivel local.<\/p>\n\n\n\n<p>Reiter\u0103m mai jos&nbsp;<strong>propunerile<\/strong>&nbsp;formulate de Consiliul Na\u021bional al Elevilor \u0219i transmise c\u0103tre Ministerul Educa\u021biei pe cale oficial\u0103:<\/p>\n\n\n\n<ul class=\"wp-block-list\"><li>Ministerul Educa\u021biei trebuie s\u0103 adopte o derogare de la dispozi\u021bia referitoare la&nbsp;<strong>num\u0103rul minim de note<\/strong>&nbsp;la o disciplin\u0103, astfel \u00eenc\u00e2t elevii \u0219i profesorii s\u0103 nu fie adu\u0219i \u00een ipostaza de a for\u021ba metodele de evaluare \u00een mod inutil, av\u00e2nd \u00een vedere c\u0103 nu vor fi fost parcurse toate con\u021binuturile curriculare;&nbsp;<\/li><li>este absolut necesar ca, dup\u0103 cele dou\u0103 s\u0103pt\u0103m\u00e2ni de vacan\u021b\u0103, autorit\u0103\u021bile s\u0103 asigure un&nbsp;<strong>cadru legal unitar \u0219i predictibil<\/strong>&nbsp;pentru func\u021bionarea \u0219colilor, precum \u0219i s\u0103 asigure testarea non-invaziv\u0103 a elevilor \u0219i a personalului din \u00eenv\u0103\u021b\u0103m\u00e2nt de cel pu\u021bin dou\u0103 ori pe s\u0103pt\u0103m\u00e2n\u0103, Astfel, ne reiter\u0103m pozi\u021bia de a men\u021bine decizia de func\u021bionare a \u0219colilor \u00een mod descentralizat, cu referin\u021b\u0103 la nivel local;&nbsp;<\/li><li><strong>suspendarea organiz\u0103rii lucr\u0103rilor scrise semestriale&nbsp;<\/strong>(teze) pentru semestrul I \u0219i \u00eenlocuirea acestora cu evalu\u0103ri sumative cu subiect unic pentru toate clasele, f\u0103r\u0103 notare \u00een catalog, cu feedback individual din partea cadrelor didactice. \u00cen urma acestuia, profesorii \u0219i elevii vor putea contura un plan individual de recuperare a con\u021binuturilor pierdute;<\/li><li>extinderea&nbsp;<strong>programului de ore remediale<\/strong>&nbsp;pentru orice elev care solicit\u0103 acest lucru, f\u0103r\u0103 criterii de accedere la aceste cursuri;<\/li><li>finalizarea procedurii de licita\u021bie \u0219i achizi\u021bie a&nbsp;<strong>testelor non-invazive<\/strong>&nbsp;pe baz\u0103 de saliv\u0103, astfel \u00eenc\u00e2t elevii \u0219i profesorii s\u0103 beneficieze de o testare periodic\u0103, bis\u0103pt\u0103m\u00e2nal\u0103, \u00eencep\u00e2nd cu data de 7 noiembrie, pentru a permite men\u021binerea c\u00e2t mai multor unit\u0103\u021bi de \u00eenv\u0103\u021b\u0103m\u00e2nt cu activitate didactic\u0103 \u00een format fizic.<\/li><\/ul>","protected":false},"excerpt":{"rendered":"<p>Vremurile se schimb\u0103, pandemia evolueaz\u0103 pe zi ce trece \u0219i, din p\u0103cate, autorit\u0103\u021bile din Rom\u00e2nia tot nepreg\u0103tite au r\u0103mas.&nbsp; \u00cen doi ani \u00een care statul s-a<span class=\"excerpt-hellip\"> [\u2026]<\/span><\/p>","protected":false},"author":2,"featured_media":729,"comment_status":"open","ping_status":"open","sticky":false,"template":"","format":"standard","meta":{"_acf_changed":false,"footnotes":""},"categories":[1],"tags":[],"class_list":["post-728","post","type-post","status-publish","format-standard","has-post-thumbnail","hentry","category-uncategorized"],"acf":[],"_links":{"self":[{"href":"https:\/\/consiliulelevilor.ro\/hu\/wp-json\/wp\/v2\/posts\/728","targetHints":{"allow":["GET"]}}],"collection":[{"href":"https:\/\/consiliulelevilor.ro\/hu\/wp-json\/wp\/v2\/posts"}],"about":[{"href":"https:\/\/consiliulelevilor.ro\/hu\/wp-json\/wp\/v2\/types\/post"}],"author":[{"embeddable":true,"href":"https:\/\/consiliulelevilor.ro\/hu\/wp-json\/wp\/v2\/users\/2"}],"replies":[{"embeddable":true,"href":"https:\/\/consiliulelevilor.ro\/hu\/wp-json\/wp\/v2\/comments?post=728"}],"version-history":[{"count":1,"href":"https:\/\/consiliulelevilor.ro\/hu\/wp-json\/wp\/v2\/posts\/728\/revisions"}],"predecessor-version":[{"id":730,"href":"https:\/\/consiliulelevilor.ro\/hu\/wp-json\/wp\/v2\/posts\/728\/revisions\/730"}],"wp:featuredmedia":[{"embeddable":true,"href":"https:\/\/consiliulelevilor.ro\/hu\/wp-json\/wp\/v2\/media\/729"}],"wp:attachment":[{"href":"https:\/\/consiliulelevilor.ro\/hu\/wp-json\/wp\/v2\/media?parent=728"}],"wp:term":[{"taxonomy":"category","embeddable":true,"href":"https:\/\/consiliulelevilor.ro\/hu\/wp-json\/wp\/v2\/categories?post=728"},{"taxonomy":"post_tag","embeddable":true,"href":"https:\/\/consiliulelevilor.ro\/hu\/wp-json\/wp\/v2\/tags?post=728"}],"curies":[{"name":"wp","href":"https:\/\/api.w.org\/{rel}","templated":true}]}}