{"id":740,"date":"2022-02-08T00:33:10","date_gmt":"2022-02-07T22:33:10","guid":{"rendered":"https:\/\/dev.consiliulelevilor.ro\/?p=740"},"modified":"2022-08-15T13:36:58","modified_gmt":"2022-08-15T11:36:58","slug":"educatia-din-romania-nu-e-cenusareasa-acordati-o-finantare-adecvata","status":"publish","type":"post","link":"https:\/\/consiliulelevilor.ro\/hu\/2022\/02\/08\/educatia-din-romania-nu-e-cenusareasa-acordati-o-finantare-adecvata\/","title":{"rendered":"Educa\u021bia din Rom\u00e2nia nu e Cenu\u0219\u0103reasa! Acorda\u021bi o finan\u021bare adecvat\u0103!"},"content":{"rendered":"<p><em>\u00cen cursul acestei s\u0103pt\u0103m\u00e2ni, a fost publicat un proiect de ordonan\u021b\u0103 de urgen\u021b\u0103 cu privire la prorogarea unor termene de aplicare a unor dispozi\u021bii legale, inclusiv prevederea referitoare la alocarea a 6% din PIB pentru domeniul educa\u021biei, aspect devenit deja o tradi\u021bie a guvernului \u00eenc\u0103 din 2011, de c\u00e2nd exist\u0103 Legea educa\u021biei na\u021bionale.<\/em><\/p>\n\n\n\n<p><strong>Consiliul Na\u021bional al Elevilor condamn\u0103 cu fermitate decizia de a subfinan\u021ba din nou un domeniu at\u00e2t de important pentru evolu\u021bia societ\u0103\u021bii \u0219i solicit\u0103 cre\u0219terea finan\u021b\u0103rii \u00eenv\u0103\u021b\u0103m\u00e2ntului la 4,7% din PIB, at\u00e2t c\u00e2t este media european\u0103 a aloc\u0103rilor bugetare pentru acest sector, conform Eurostat.<\/strong><\/p>\n\n\n\n<p>De asemenea, atragem aten\u021bia asupra aloc\u0103rilor bugetare \u00een concordan\u021b\u0103 cu nevoile elevilor. Astfel, e imperioas\u0103 cuprinderea unor sume pentru asigurarea cuantumului minim al burselor \u0219colare conform criteriilor actuale de acordare, dar \u0219i a unor sume pentru asigurarea transportului gratuit al elevilor. Aceste dou\u0103 revendic\u0103ri sunt indispensabile unui act educa\u021bional de calitate, dar \u0219i pentru a combate fenomene at\u00e2t de nocive pentru \u00eentreaga societate, precum s\u0103r\u0103cia, excluziunea social\u0103 \u0219i abandonul \u0219colar, care afecteaz\u0103 aproximativ o treime dintre elevii Rom\u00e2niei.<\/p>\n\n\n\n<p>Totodat\u0103, solicit\u0103m Ministerului Educa\u021biei s\u0103 procedeze la convocarea de urgen\u021b\u0103 a Consiliului Na\u021bional pentru Finan\u021barea \u00cenv\u0103\u021b\u0103m\u00e2ntului Preuniversitar (CNFIP), \u00een a\u0219a fel \u00eenc\u00e2t s\u0103 se poat\u0103 decide din timp costul standard per elev, iar unit\u0103\u021bile de \u00eenv\u0103\u021b\u0103m\u00e2nt s\u0103 poat\u0103 dezvolta proiectele de bugete aferente anului financiar 2022. O tergiversare a stabilirii costului standard, a\u0219a cum s-a \u00eent\u00e2mplat \u00een anul 2021, atrage dup\u0103 sine multiple dezavantaje cu impact major \u00een via\u021ba \u0219colar\u0103 a fiec\u0103rui elev. De aceea, cerem Ministerului Educa\u021biei s\u0103 fundamenteze costul standard per elev prin suplimentarea sumelor la coeficientul \u201eBunuri \u0219i servicii\u201d \u0219i s\u0103 nu se ascund\u0103 dup\u0103 o cre\u0219tere fals\u0103 a finan\u021b\u0103rii, generat\u0103 de cre\u0219terea infla\u021biei. \u00cen acela\u0219i timp, solicit\u0103m Ministerului Finan\u021belor publicarea proiectului de buget de stat pentru anul 2022 \u0219i organizarea unei dezbateri publice pe marginea lui.<\/p>\n\n\n\n<p><em>\u201eCea mai mare parte dintre motivele pentru care \u0219coala rom\u00e2neasc\u0103 e\u0219ueaz\u0103 este reprezentat\u0103 de o subfinan\u021bare cronic\u0103. Mecanismul e simplu \u2013 cu c\u00e2t sunt mai pu\u021bini bani pentru educa\u021bie, cu at\u00e2t \u0219ansele elevilor de a se integra \u00een societate \u0219i \u00een pia\u021ba muncii sunt mai mici. Nu este posibil ca anul 2022 s\u0103 ne prind\u0103 pe nepreg\u0103tite, astfel c\u0103 e necesar ca autorit\u0103\u021bile s\u0103 prioritizeze educa\u021bia \u0219i s\u0103 o considere un sector indispensabil, cu o finan\u021bare adecvat\u0103.\u201d<\/em>, a declarat Silviu Morcan, pre\u0219edintele Consiliului Na\u021bional al Elevilor.<\/p>","protected":false},"excerpt":{"rendered":"<p>\u00cen cursul acestei s\u0103pt\u0103m\u00e2ni, a fost publicat un proiect de ordonan\u021b\u0103 de urgen\u021b\u0103 cu privire la prorogarea unor termene de aplicare a unor dispozi\u021bii legale, inclusiv<span class=\"excerpt-hellip\"> [\u2026]<\/span><\/p>","protected":false},"author":3,"featured_media":741,"comment_status":"open","ping_status":"open","sticky":false,"template":"","format":"standard","meta":{"_acf_changed":false,"footnotes":""},"categories":[1],"tags":[],"class_list":["post-740","post","type-post","status-publish","format-standard","has-post-thumbnail","hentry","category-uncategorized"],"acf":[],"_links":{"self":[{"href":"https:\/\/consiliulelevilor.ro\/hu\/wp-json\/wp\/v2\/posts\/740","targetHints":{"allow":["GET"]}}],"collection":[{"href":"https:\/\/consiliulelevilor.ro\/hu\/wp-json\/wp\/v2\/posts"}],"about":[{"href":"https:\/\/consiliulelevilor.ro\/hu\/wp-json\/wp\/v2\/types\/post"}],"author":[{"embeddable":true,"href":"https:\/\/consiliulelevilor.ro\/hu\/wp-json\/wp\/v2\/users\/3"}],"replies":[{"embeddable":true,"href":"https:\/\/consiliulelevilor.ro\/hu\/wp-json\/wp\/v2\/comments?post=740"}],"version-history":[{"count":1,"href":"https:\/\/consiliulelevilor.ro\/hu\/wp-json\/wp\/v2\/posts\/740\/revisions"}],"predecessor-version":[{"id":742,"href":"https:\/\/consiliulelevilor.ro\/hu\/wp-json\/wp\/v2\/posts\/740\/revisions\/742"}],"wp:featuredmedia":[{"embeddable":true,"href":"https:\/\/consiliulelevilor.ro\/hu\/wp-json\/wp\/v2\/media\/741"}],"wp:attachment":[{"href":"https:\/\/consiliulelevilor.ro\/hu\/wp-json\/wp\/v2\/media?parent=740"}],"wp:term":[{"taxonomy":"category","embeddable":true,"href":"https:\/\/consiliulelevilor.ro\/hu\/wp-json\/wp\/v2\/categories?post=740"},{"taxonomy":"post_tag","embeddable":true,"href":"https:\/\/consiliulelevilor.ro\/hu\/wp-json\/wp\/v2\/tags?post=740"}],"curies":[{"name":"wp","href":"https:\/\/api.w.org\/{rel}","templated":true}]}}